{"id":1214,"date":"2023-05-07T21:18:57","date_gmt":"2023-05-07T21:18:57","guid":{"rendered":"https:\/\/digitalmecra.com\/index.php\/2023\/05\/07\/kadinlar-super-ligi-fenerbahce-ile-galatasaray-yari-finalde-eslesti\/"},"modified":"2023-05-07T21:18:57","modified_gmt":"2023-05-07T21:18:57","slug":"kadinlar-super-ligi-fenerbahce-ile-galatasaray-yari-finalde-eslesti","status":"publish","type":"post","link":"https:\/\/digitalmecra.com\/index.php\/2023\/05\/07\/kadinlar-super-ligi-fenerbahce-ile-galatasaray-yari-finalde-eslesti\/","title":{"rendered":"Kad\u0131nlar S\u00fcper Ligi | Fenerbah\u00e7e ile Galatasaray yar\u0131 finalde e\u015fle\u015fti"},"content":{"rendered":"<p><strong>Kad\u0131nlar S\u00fcper Ligi<\/strong> \u00e7eyrek final ikinci ma\u00e7lar\u0131 bug\u00fcn oynand\u0131. <strong>Galatasaray<\/strong>, deplasmanda 5-1 kazand\u0131\u011f\u0131 ma\u00e7\u0131n r\u00f6van\u015f\u0131nda sahas\u0131nda Amed Sportif Faaliyetler&#8217;i 3-0 ma\u011flup ederek yar\u0131 finale y\u00fckseldi. \u00c7eyrek finaldeki di\u011fer e\u015fle\u015fmede ise <strong>Fenerbah\u00e7e<\/strong> 1-0 kazand\u0131\u011f\u0131 ma\u00e7\u0131n r\u00f6van\u015f\u0131nda Fatih Karag\u00fcmr\u00fck&#8217;\u00fcn konu\u011fu oldu. 1-1&#8217;lik skorla sona eren m\u00fccadele sonras\u0131nda sar\u0131-lacivertliler, yar\u0131 finale ad\u0131n\u0131 yazd\u0131rd\u0131.\u00a0<\/p>\n<p><strong>ALG SPOR, BE\u015e\u0130KTA\u015e&#8217;A GE\u00c7\u0130T VERMED\u0130<\/strong><\/p>\n<p>\u00c7eyrek finalde Gaziantep temsilcisi ALG Spor, 1-1 berabere biten ilk ma\u00e7\u0131n r\u00f6van\u015f\u0131nda Be\u015fikta\u015f&#8217;\u0131 konuk etti. Kalyon Stadyumu&#8217;nda oynanan m\u00fccadeleyi 3-0 kazanan ALG Spor, yar\u0131 finaldeki yerini ald\u0131.<\/p>\n<p>ALG Spor&#8217;un rakibi ise Ankara B\u00fcy\u00fck\u015fehir Belediyesi Fomget Gen\u00e7lik ve Spor oldu. 0-0 biten ilk ma\u00e7\u0131n r\u00f6van\u015f\u0131nda sahas\u0131nda rakibine 4-0&#8217;l\u0131k \u00fcst\u00fcnl\u00fck kuran ba\u015fkent ekibi yar\u0131 finale y\u00fckseldi.<\/p>\n<p><strong>YARI F\u0130NALDE DERB\u0130<\/strong><\/p>\n<p>\u00c7eyrek finalde rakiplerini elemeyi ba\u015faran Fenerbah\u00e7e ve Galatasaray, yar\u0131 finalde rakip oldu. 13 May\u0131s&#8217;ta oynanacak yar\u0131 final ilk ma\u00e7\u0131na sar\u0131-k\u0131rm\u0131z\u0131l\u0131 ekip ev sahipli\u011fi yapacak. R\u00f6van\u015f m\u00fccadelesi ise 20 May\u0131s Cumartesi g\u00fcn\u00fc oynanacak.<\/p>\n","protected":false},"excerpt":{"rendered":"<p>Kad\u0131nlar S\u00fcper Ligi \u00e7eyrek final ikinci ma\u00e7lar\u0131 bug\u00fcn oynand\u0131. Galatasaray, deplasmanda 5-1 kazand\u0131\u011f\u0131 ma\u00e7\u0131n r\u00f6van\u015f\u0131nda sahas\u0131nda Amed Sportif Faaliyetler&#8217;i 3-0 ma\u011flup ederek yar\u0131 finale y\u00fckseldi. \u00c7eyrek finaldeki di\u011fer e\u015fle\u015fmede ise Fenerbah\u00e7e 1-0 kazand\u0131\u011f\u0131 ma\u00e7\u0131n r\u00f6van\u015f\u0131nda Fatih Karag\u00fcmr\u00fck&#8217;\u00fcn konu\u011fu oldu. 1-1&#8217;lik skorla sona eren m\u00fccadele sonras\u0131nda sar\u0131-lacivertliler, yar\u0131 finale ad\u0131n\u0131 yazd\u0131rd\u0131.\u00a0 ALG SPOR, BE\u015e\u0130KTA\u015e&#8217;A GE\u00c7\u0130T VERMED\u0130 [&hellip;]<\/p>\n","protected":false},"author":1,"featured_media":1216,"comment_status":"open","ping_status":"open","sticky":false,"template":"","format":"standard","meta":{"footnotes":""},"categories":[13],"tags":[],"class_list":["post-1214","post","type-post","status-publish","format-standard","has-post-thumbnail","hentry","category-spor"],"views":584,"_links":{"self":[{"href":"https:\/\/digitalmecra.com\/index.php\/wp-json\/wp\/v2\/posts\/1214","targetHints":{"allow":["GET"]}}],"collection":[{"href":"https:\/\/digitalmecra.com\/index.php\/wp-json\/wp\/v2\/posts"}],"about":[{"href":"https:\/\/digitalmecra.com\/index.php\/wp-json\/wp\/v2\/types\/post"}],"author":[{"embeddable":true,"href":"https:\/\/digitalmecra.com\/index.php\/wp-json\/wp\/v2\/users\/1"}],"replies":[{"embeddable":true,"href":"https:\/\/digitalmecra.com\/index.php\/wp-json\/wp\/v2\/comments?post=1214"}],"version-history":[{"count":1,"href":"https:\/\/digitalmecra.com\/index.php\/wp-json\/wp\/v2\/posts\/1214\/revisions"}],"predecessor-version":[{"id":1215,"href":"https:\/\/digitalmecra.com\/index.php\/wp-json\/wp\/v2\/posts\/1214\/revisions\/1215"}],"wp:featuredmedia":[{"embeddable":true,"href":"https:\/\/digitalmecra.com\/index.php\/wp-json\/wp\/v2\/media\/1216"}],"wp:attachment":[{"href":"https:\/\/digitalmecra.com\/index.php\/wp-json\/wp\/v2\/media?parent=1214"}],"wp:term":[{"taxonomy":"category","embeddable":true,"href":"https:\/\/digitalmecra.com\/index.php\/wp-json\/wp\/v2\/categories?post=1214"},{"taxonomy":"post_tag","embeddable":true,"href":"https:\/\/digitalmecra.com\/index.php\/wp-json\/wp\/v2\/tags?post=1214"}],"curies":[{"name":"wp","href":"https:\/\/api.w.org\/{rel}","templated":true}]}}