{"id":1220,"date":"2023-05-07T21:19:16","date_gmt":"2023-05-07T21:19:16","guid":{"rendered":"https:\/\/digitalmecra.com\/index.php\/2023\/05\/07\/arda-turan-kendimi-degil-arda-guleri-oynatirdim\/"},"modified":"2023-05-07T21:19:16","modified_gmt":"2023-05-07T21:19:16","slug":"arda-turan-kendimi-degil-arda-guleri-oynatirdim","status":"publish","type":"post","link":"https:\/\/digitalmecra.com\/index.php\/2023\/05\/07\/arda-turan-kendimi-degil-arda-guleri-oynatirdim\/","title":{"rendered":"Arda Turan: Kendimi de\u011fil Arda G\u00fcler&#8217;i oynat\u0131rd\u0131m"},"content":{"rendered":"<p>Bo\u011fazi\u00e7i \u00dcniversitesinin d\u00fczenledi\u011fi Spor Zirvesi&#8217;ne kat\u0131lan Arda Turan, ge\u00e7mi\u015ften bug\u00fcne kariyeriyle ilgili sorular\u0131 yan\u0131tlad\u0131. 2013-2014 sezonu UEFA \u015eampiyonlar Ligi finalinden, 2008 y\u0131l\u0131nda H\u0131rvatistan&#8217;a kar\u015f\u0131 kulland\u0131\u011f\u0131 penalt\u0131ya dek bir\u00e7ok soruya yan\u0131t veren Arda Turan, bir saatlik programda teknik direkt\u00f6rl\u00fckteki hedefleriyle ilgili a\u00e7\u0131klamalarda da bulundu.<\/p>\n<p>Teknik direkt\u00f6rl\u00fck kariyerine Ey\u00fcpspor&#8217;da ba\u015flayan ve tak\u0131m\u0131n\u0131 oynatmak istedi\u011fi oyunu &#8220;Atletico Madrid&#8217;in savunmas\u0131yla Barcelona&#8217;n\u0131n h\u00fccumunu bir arada sahaya yans\u0131tmak istiyorum.&#8221; diyerek \u00f6zetleyen Turan, T\u00fcrkiye&#8217;de futbolun tam anla\u015f\u0131lmad\u0131\u011f\u0131n\u0131, \u00e7ok fazla yat\u0131r\u0131m yap\u0131l\u0131p kar\u015f\u0131l\u0131\u011f\u0131n\u0131n al\u0131nmamas\u0131n\u0131n \u00e7ok g\u00f6r\u00fclm\u00fc\u015f bir durum olmad\u0131\u011f\u0131n\u0131 kaydetti.<\/p>\n<p>Ey\u00fcpspor&#8217;un ba\u015f\u0131nda \u00e7\u0131kt\u0131\u011f\u0131 3 ma\u00e7ta 2 beraberlik ve bir ma\u011flubiyet ya\u015fayan 36 ya\u015f\u0131ndaki \u00e7al\u0131\u015ft\u0131r\u0131c\u0131, g\u00f6reve geldikten 48 saat sonra G\u00f6ztepe ile deplasmanda kar\u015f\u0131la\u015ft\u0131klar\u0131n\u0131 hat\u0131rlatarak, &#8220;\u0130lk ma\u00e7\u0131 kaybettik. Analizde bakt\u0131\u011f\u0131m\u0131zda &#8216;Hata yapt\u0131k.&#8217; dedim. Ma\u00e7a 48 saat kala gelmi\u015ftim ve g\u00f6stermedi\u011fim her \u015feyi futbolculardan istedim.&#8221; ifadelerini kulland\u0131.<\/p>\n<p><strong>&#8220;Barcelona&#8217;ya Atletico Madrid&#8217;in 10 numaras\u0131 olarak gittim&#8221;<\/strong><\/p>\n<p>Kariyeri boyunca bir\u00e7ok konuda ele\u015ftirildi\u011fini vurgulayan Arda Turan, &#8220;Barcelona&#8217;ya gitti\u011fimde &#8216;T\u00fcrk Hava Yollar\u0131 sponsorlu\u011fuyla gitti&#8217; dediler. Halbuki ben Barcelona&#8217;ya Atletico Madrid&#8217;in 10 numaras\u0131 olarak gittim. Barcelona&#8217;ya 5 kupa alm\u0131\u015f bir oyuncu olarak gittim ve soyunma odas\u0131nda bana b\u00fcy\u00fck sayg\u0131 g\u00f6sterdiler. Sonras\u0131nda &#8220;Ben sponsor transferi olarak gitmedim.&#8221; diye anlatmaya \u00e7al\u0131\u015ft\u0131m. Hepimiz hatalar yapabiliyoruz. Bir oyuncunun y\u00fczde 100 pasla oynamas\u0131 imkans\u0131z. Neticede insan\u0131z.&#8221; a\u00e7\u0131klamas\u0131n\u0131 yapt\u0131.<\/p>\n<p>Teknik direkt\u00f6r olarak ilk ma\u00e7\u0131nda G\u00f6ztepe deplasman\u0131nda \u00e7ok iyi bir atmosferde sahaya \u00e7\u0131kt\u0131\u011f\u0131n\u0131 dile getiren gen\u00e7 teknik adam, \u015f\u00f6yle devam etti:<\/p>\n<p>&#8220;Sporcuysan\u0131z Real Madrid&#8217;e kar\u015f\u0131 oynamak istersiniz. Bask\u0131 varsa do\u011fru yerlerdesinizdir. Sizler de final haftas\u0131nda burada bask\u0131 hissedersiniz \u00e7\u00fcnk\u00fc Bo\u011fazi\u00e7i&#8217;nde okuyorsunuz, demek ki do\u011fru yerdesiniz. \u0130\u015fini iyi yaparak b\u00fct\u00fcn \u0131\u015f\u0131klar \u00fczerinizde olsun istersiniz. Kim hal\u0131 sahada 5 ki\u015fiye hocal\u0131k yapmak ister? Herkes b\u00fcy\u00fck tak\u0131mlar\u0131n hocas\u0131 olmak ister. D\u00f6n\u00fcp bir daha futbolcu olarak Bernabeu&#8217;ya \u00e7\u0131kma \u015fans\u0131m yok. Ben de bunun tad\u0131n\u0131 \u00e7\u0131kard\u0131m. Neden bu \u0131\u015f\u0131klar ba\u015fkas\u0131n\u0131n \u00fczerinde olsun ki. \u0130\u015fimi iyi yaparak \u0131\u015f\u0131klar benim \u00fczerimde olsun isterim.&#8221;<\/p>\n<p>&#8220;H\u0131rvatistan kar\u015f\u0131s\u0131nda &#8216;Mahalle penalt\u0131s\u0131 atay\u0131m&#8217; dedim&#8221;Kariyeri boyunca her andan keyif almay\u0131 hedefledi\u011fini aktaran Arda Turan, 2008 Avrupa Futbol \u015eampiyonas\u0131&#8217;nda H\u0131rvatistan&#8217;a kar\u015f\u0131 kulland\u0131\u011f\u0131 penalt\u0131y\u0131 \u015f\u00f6yle \u00f6zetledi:<\/p>\n<p>&#8220;Bayrampa\u015fa&#8217;dan \u00e7\u0131km\u0131\u015f birisi olarak hayalimi ya\u015fad\u0131m ve o y\u00fczden hep kendime &#8216;Arda bunu ya\u015fa ve keyfini \u00e7\u0131kar.&#8217; diyordum. 2008&#8217;de Fatih hoca &#8216;Kim penalt\u0131 atacak?&#8217; diye soruyordu, pe\u015finden ben de &#8216;Kim atacak?&#8217; diye soruyordum. Sonra kimseden ses gelmeyince &#8216;Ben atar\u0131m.&#8217; dedim. Tabii topa \u00e7ok iyi vurmuyordum ve Fatih hoca da &#8216;Sen mi atacaks\u0131n?&#8217; diye tak\u0131ld\u0131. Hatta o g\u00fcn &#8216;Panenka penalt\u0131s\u0131&#8217; atmay\u0131 d\u00fc\u015f\u00fcn\u00fcyordum. Zemin de kuruydu, aya\u011f\u0131mda vidal\u0131 krampon vard\u0131. Modric bask\u0131s\u0131 da var sahada. Penalt\u0131ya giderken \u00e7ime tak\u0131ld\u0131m hatta. Sonra &#8216;Bari mahalle penalt\u0131s\u0131 atay\u0131m.&#8217; dedim. \u00c7ok k\u00f6t\u00fc vurmama ra\u011fmen o top gol oldu ve \u00e7ok mutlu oldum. E\u011fer o penalt\u0131y\u0131 atmasayd\u0131m sonras\u0131nda pi\u015fman olurdum.&#8221;<\/p>\n<p>Galatasaray formas\u0131 giyen Mauro Icardi&#8217;nin VavaCars Fatih Karag\u00fcmr\u00fck kar\u015f\u0131s\u0131nda &#8216;Panenka penalt\u0131s\u0131&#8217; ka\u00e7\u0131rd\u0131\u011f\u0131 hat\u0131rlat\u0131lan Turan, &#8220;Icardi &#8216;Panenka penalt\u0131s\u0131n\u0131&#8217; ka\u00e7\u0131rd\u0131 ama &#8216;Panenka&#8217; atacak cesarete sahip bir oyuncumuz oldu\u011funu s\u00f6ylemek gerekiyor.&#8221; \u015feklinde g\u00f6r\u00fc\u015f belirtti.<\/p>\n<p>&#8220;Galatasarayl\u0131y\u0131m ve o y\u00fczden \u015fampiyon oluruz diye d\u00fc\u015f\u00fcn\u00fcyorum&#8221;Spor Toto S\u00fcper Lig&#8217;deki \u015fampiyonluk yar\u0131\u015f\u0131 hakk\u0131nda &#8220;Galatasarayl\u0131y\u0131m ve o y\u00fczden \u015fampiyon oluruz diye d\u00fc\u015f\u00fcn\u00fcyorum.&#8221; a\u00e7\u0131klamas\u0131n\u0131 yapan Arda Turan, Barcelona&#8217;da birlikte forma giydi\u011fi Arjantinli y\u0131ld\u0131z futbolcu Lionel Messi hakk\u0131nda \u015fu ifadeleri kulland\u0131:<\/p>\n<p>&#8220;D\u00fcnya tarihinin gelmi\u015f ge\u00e7mi\u015f en iyi oyuncusu. Ki\u015fisel olarak son derece tak\u0131mda\u015ft\u0131r. Asla bireysel d\u00fc\u015f\u00fcnmez. Kazanmak i\u00e7in oynar ve tak\u0131m arkada\u015flar\u0131n\u0131 y\u00fckseltmeye \u00e7al\u0131\u015f\u0131r. Leo&#8217;yu en b\u00fcy\u00fck yapan \u00f6zellik yetenekli olmas\u0131 de\u011fil, hangi arkada\u015f\u0131ndan nas\u0131l verim alaca\u011f\u0131n\u0131 bilmesi. O y\u00fczden onunla ayn\u0131 sahay\u0131 payla\u015ft\u0131\u011f\u0131m i\u00e7in \u00e7ok \u015fansl\u0131y\u0131m.&#8221;<\/p>\n<p><strong>&#8220;\u015eampiyonlar Ligi finalinde oynasayd\u0131m farkl\u0131 olabilirdi&#8221;<\/strong><\/p>\n<p>2013-2014 sezonunda UEFA \u015eampiyonlar Ligi finalinde Real Madrid&#8217;e kar\u015f\u0131 sakatl\u0131\u011f\u0131 nedeniyle forma giyemeyen Arda Turan, tak\u0131m\u0131n\u0131n kaybetti\u011fi ma\u00e7ta oynamas\u0131 durumunda durumun farkl\u0131 olabilece\u011fini dile getirdi.<\/p>\n<p>Olas\u0131l\u0131klar \u00fczerine konu\u015fmak istemedi\u011fini ancak bu durumu da belirtmek istedi\u011fini ifade eden Turan, &#8220;Ben tak\u0131ma, oyundan daha farkl\u0131 \u015feyler katabiliyordum. Haks\u0131zl\u0131k kar\u015f\u0131s\u0131nda durabilen ve gerekti\u011finde itiraz edebilen bir adamd\u0131m. Hayat\u0131mdaki en muhte\u015fem ama en \u00fcz\u00fcc\u00fc and\u0131. 1,5 dakikayla \u015eampiyonlar Ligi kupas\u0131n\u0131 kaybettik. Bunu kazansayd\u0131m, tak\u0131m sporlar\u0131ndaki her hedefimi kazanm\u0131\u015f olacakt\u0131m. Ama belki hoca olarak kazan\u0131r\u0131m. Belki bir g\u00fcn Barcelona&#8217;n\u0131n hocas\u0131 olurum.&#8221; diye konu\u015ftu.<\/p>\n<p><strong>&#8220;Ben hoca olarak Arda G\u00fcler&#8217;i oynat\u0131rd\u0131m&#8221;<\/strong><\/p>\n<p>T\u00fcrkiye&#8217;de \u015fampiyon olan kul\u00fcplerin, bir sonraki sezonlar\u0131n\u0131 planlamadan hareket etti\u011fini s\u00f6yleyen Ey\u00fcpspor Teknik Direkt\u00f6r\u00fc Turan, bunun T\u00fcrkiye&#8217;deki en b\u00fcy\u00fck sorunlardan biri oldu\u011funu belirterek, &#8220;Bir kul\u00fcp \u015fampiyon oluyor, bir sonraki sezonu planlayam\u0131yor. Uzun seyahatler, yorgunluk, sonra deplasmanda ya\u015fanan bir kay\u0131pla yoku\u015f a\u015fa\u011f\u0131 gidiyorsunuz. Taraftar co\u015fkusu, T\u00fcrkiye \u015fartlar\u0131 derken \u015fampiyon oluyorsunuz ama bir sonraki sezon ma\u00e7 planlamas\u0131yla oyun g\u00fcc\u00fcn\u00fc unutuyorsunuz. Bu nedenle bence ma\u00e7 ba\u015f\u0131 \u00fccretlerinin kalkmas\u0131 laz\u0131m. \u00dc\u00e7 g\u00fcnde bir ma\u00e7 yap\u0131nca tak\u0131mda\u015fl\u0131\u011f\u0131n d\u00fc\u015f\u00fcn\u00fclmesi gerekiyor. Bu nedenle oyun g\u00fcc\u00fc \u00e7ok \u00f6nemli.&#8221; a\u00e7\u0131klamas\u0131nda bulundu.<\/p>\n<p>&#8220;Teknik direkt\u00f6r Arda Turan, Arda G\u00fcler&#8217;i mi yoksa ayn\u0131 ya\u015ftaki Arda Turan&#8217;\u0131 m\u0131 oynat\u0131rd\u0131?&#8221; sorusunu yan\u0131tlayan Turan, &#8220;Ben Arda G\u00fcler&#8217;i oynat\u0131rd\u0131m. \u015eimdi biraz ger\u00e7ek\u00e7i cevap vermek laz\u0131m. Eski Arda Turan&#8217;\u0131 oynatma \u015fans\u0131m yok ama Arda G\u00fcler&#8217;le belki ileride bir yerde \u00e7al\u0131\u015fma f\u0131rsat\u0131m olur. O y\u00fczden b\u00f6yle s\u00f6yl\u00fcyorum.&#8221; ifadelerini kulland\u0131.<\/p>\n<p><strong>&#8220;Aslantepe&#8217;nin zeminini d\u00fczeltseydik \u015fampiyonduk&#8221;<\/strong><\/p>\n<p>Kariyerinde en \u00e7ok \u00fcz\u00fcld\u00fc\u011f\u00fc an\u0131n UEFA \u015eampiyonlar Ligi finalini kaybettikleri an oldu\u011funu belirten Arda Turan, 2020-2021 sezonunda Galatasaray formas\u0131yla sezonu ikinci bitirmelerini de unutamad\u0131\u011f\u0131n\u0131 dile getirerek, s\u00f6zlerini \u015f\u00f6yle tamamlad\u0131:<\/p>\n<p>&#8220;Son dakikada bir golle giden \u015fampiyonlu\u011fa hala \u00e7ok \u00fcz\u00fcl\u00fcr\u00fcm. Saha d\u0131\u015f\u0131 etkenleri \u00e7ok yanl\u0131\u015f y\u00f6netti\u011fimizi d\u00fc\u015f\u00fcn\u00fcyorum. Feghouli, ben, Falcao, Babel oynuyoruz ama bu kadroya &#8216;El freni&#8217; falan deniyor. Tamam\u0131yla oyuna hakim oynuyorduk. Sonras\u0131nda aya\u011f\u0131 d\u00fczg\u00fcn oyunculardan, \u00e7abuk oyunculara d\u00f6nd\u00fck. Donk yerine Luyindama oynad\u0131, g\u00f6z\u00fcnden sakatlanan Omar&#8217;\u0131n yerine Yedlin geldi, Falcao&#8217;nun yerine Mustafa Muhammed forma giydi, benim yerime Onyekuru oynad\u0131. Bence \u015fu andaki Real Madrid gibi oynuyorduk. O d\u00f6nemde y\u00f6netim, teknik ekip, futbolcular bir araya gelip sadece Aslantepe&#8217;nin zeminini d\u00fczeltip \u015fampiyon olacakt\u0131k ama olmad\u0131.&#8221;<\/p>\n","protected":false},"excerpt":{"rendered":"<p>Bo\u011fazi\u00e7i \u00dcniversitesinin d\u00fczenledi\u011fi Spor Zirvesi&#8217;ne kat\u0131lan Arda Turan, ge\u00e7mi\u015ften bug\u00fcne kariyeriyle ilgili sorular\u0131 yan\u0131tlad\u0131. 2013-2014 sezonu UEFA \u015eampiyonlar Ligi finalinden, 2008 y\u0131l\u0131nda H\u0131rvatistan&#8217;a kar\u015f\u0131 kulland\u0131\u011f\u0131 penalt\u0131ya dek bir\u00e7ok soruya yan\u0131t veren Arda Turan, bir saatlik programda teknik direkt\u00f6rl\u00fckteki hedefleriyle ilgili a\u00e7\u0131klamalarda da bulundu. Teknik direkt\u00f6rl\u00fck kariyerine Ey\u00fcpspor&#8217;da ba\u015flayan ve tak\u0131m\u0131n\u0131 oynatmak istedi\u011fi oyunu &#8220;Atletico Madrid&#8217;in [&hellip;]<\/p>\n","protected":false},"author":1,"featured_media":1222,"comment_status":"open","ping_status":"open","sticky":false,"template":"","format":"standard","meta":{"footnotes":""},"categories":[13],"tags":[],"class_list":["post-1220","post","type-post","status-publish","format-standard","has-post-thumbnail","hentry","category-spor"],"views":555,"_links":{"self":[{"href":"https:\/\/digitalmecra.com\/index.php\/wp-json\/wp\/v2\/posts\/1220","targetHints":{"allow":["GET"]}}],"collection":[{"href":"https:\/\/digitalmecra.com\/index.php\/wp-json\/wp\/v2\/posts"}],"about":[{"href":"https:\/\/digitalmecra.com\/index.php\/wp-json\/wp\/v2\/types\/post"}],"author":[{"embeddable":true,"href":"https:\/\/digitalmecra.com\/index.php\/wp-json\/wp\/v2\/users\/1"}],"replies":[{"embeddable":true,"href":"https:\/\/digitalmecra.com\/index.php\/wp-json\/wp\/v2\/comments?post=1220"}],"version-history":[{"count":1,"href":"https:\/\/digitalmecra.com\/index.php\/wp-json\/wp\/v2\/posts\/1220\/revisions"}],"predecessor-version":[{"id":1221,"href":"https:\/\/digitalmecra.com\/index.php\/wp-json\/wp\/v2\/posts\/1220\/revisions\/1221"}],"wp:featuredmedia":[{"embeddable":true,"href":"https:\/\/digitalmecra.com\/index.php\/wp-json\/wp\/v2\/media\/1222"}],"wp:attachment":[{"href":"https:\/\/digitalmecra.com\/index.php\/wp-json\/wp\/v2\/media?parent=1220"}],"wp:term":[{"taxonomy":"category","embeddable":true,"href":"https:\/\/digitalmecra.com\/index.php\/wp-json\/wp\/v2\/categories?post=1220"},{"taxonomy":"post_tag","embeddable":true,"href":"https:\/\/digitalmecra.com\/index.php\/wp-json\/wp\/v2\/tags?post=1220"}],"curies":[{"name":"wp","href":"https:\/\/api.w.org\/{rel}","templated":true}]}}