{"id":143,"date":"2020-08-29T22:04:43","date_gmt":"2020-08-29T19:04:43","guid":{"rendered":"http:\/\/haberv6.thewpdemo.com\/ekonomi\/ekonomik-guven-endeksi-yuzde-44-artti-h143.html"},"modified":"2020-08-29T22:04:43","modified_gmt":"2020-08-29T19:04:43","slug":"ekonomik-guven-endeksi-yuzde-44-artti","status":"publish","type":"post","link":"https:\/\/digitalmecra.com\/index.php\/2020\/08\/29\/ekonomik-guven-endeksi-yuzde-44-artti\/","title":{"rendered":"Ekonomik g\u00fcven endeksi y\u00fczde 4,4 artt\u0131"},"content":{"rendered":"<p>T\u00fcrkiye \u0130statistik Kurumu (T\u00dc\u0130K), 2020 y\u0131l\u0131 A\u011fustos ay\u0131 Ekonomik G\u00fcven Endeksi verisini a\u00e7\u0131klad\u0131. Buna g\u00f6re, ekonomik g\u00fcven endeksi Temmuz ay\u0131nda 82,2 iken, A\u011fustos ay\u0131nda y\u00fczde 4,4 oran\u0131nda artarak 85,9 de\u011ferine y\u00fckseldi. Ekonomik g\u00fcven endeksindeki art\u0131\u015f, reel kesim (imalat sanayi), hizmet ve perakende ticaret sekt\u00f6r\u00fc g\u00fcven endekslerindeki art\u0131\u015flardan kaynakland\u0131.Reel kesim g\u00fcven endeksi bir \u00f6nceki aya g\u00f6re A\u011fustos ay\u0131nda y\u00fczde 5,8 oran\u0131nda artarak 105,2 de\u011ferini, hizmet sekt\u00f6r\u00fc g\u00fcven endeksi y\u00fczde 5,7 oran\u0131nda artarak 70,5 de\u011ferini, perakende ticaret sekt\u00f6r\u00fc g\u00fcven endeksi y\u00fczde 0,2 oran\u0131nda artarak 94,9 de\u011ferini ald\u0131. T\u00fcketici g\u00fcven endeksi A\u011fustos ay\u0131nda y\u00fczde 2,2 oran\u0131nda azalarak 59,6 de\u011ferini ve in\u015faat sekt\u00f6r\u00fc g\u00fcven endeksi y\u00fczde 2,3 oran\u0131nda azalarak 85,0 de\u011ferini ald\u0131.\u00a0<\/p>\n","protected":false},"excerpt":{"rendered":"<p>Ekonomik g\u00fcven endeksi A\u011fustos ay\u0131nda y\u00fczde 4,4 oran\u0131nda artarak 85,9 de\u011ferine y\u00fckseldi.<\/p>\n","protected":false},"author":1,"featured_media":855,"comment_status":"open","ping_status":"open","sticky":false,"template":"","format":"standard","meta":{"footnotes":""},"categories":[6],"tags":[42,102,248,256,304,663],"class_list":["post-143","post","type-post","status-publish","format-standard","has-post-thumbnail","hentry","category-ekonomi","tag-42","tag-artti","tag-ekonomik","tag-endeksi","tag-guven","tag-yuzde"],"views":310,"_links":{"self":[{"href":"https:\/\/digitalmecra.com\/index.php\/wp-json\/wp\/v2\/posts\/143","targetHints":{"allow":["GET"]}}],"collection":[{"href":"https:\/\/digitalmecra.com\/index.php\/wp-json\/wp\/v2\/posts"}],"about":[{"href":"https:\/\/digitalmecra.com\/index.php\/wp-json\/wp\/v2\/types\/post"}],"author":[{"embeddable":true,"href":"https:\/\/digitalmecra.com\/index.php\/wp-json\/wp\/v2\/users\/1"}],"replies":[{"embeddable":true,"href":"https:\/\/digitalmecra.com\/index.php\/wp-json\/wp\/v2\/comments?post=143"}],"version-history":[{"count":0,"href":"https:\/\/digitalmecra.com\/index.php\/wp-json\/wp\/v2\/posts\/143\/revisions"}],"wp:featuredmedia":[{"embeddable":true,"href":"https:\/\/digitalmecra.com\/index.php\/wp-json\/wp\/v2\/media\/855"}],"wp:attachment":[{"href":"https:\/\/digitalmecra.com\/index.php\/wp-json\/wp\/v2\/media?parent=143"}],"wp:term":[{"taxonomy":"category","embeddable":true,"href":"https:\/\/digitalmecra.com\/index.php\/wp-json\/wp\/v2\/categories?post=143"},{"taxonomy":"post_tag","embeddable":true,"href":"https:\/\/digitalmecra.com\/index.php\/wp-json\/wp\/v2\/tags?post=143"}],"curies":[{"name":"wp","href":"https:\/\/api.w.org\/{rel}","templated":true}]}}