{"id":1506,"date":"2025-07-24T10:07:14","date_gmt":"2025-07-24T10:07:14","guid":{"rendered":"https:\/\/digitalmecra.com\/?p=1506"},"modified":"2025-07-24T10:07:14","modified_gmt":"2025-07-24T10:07:14","slug":"yapay-sanat","status":"publish","type":"post","link":"https:\/\/digitalmecra.com\/index.php\/2025\/07\/24\/yapay-sanat\/","title":{"rendered":"Yapay Sanat"},"content":{"rendered":"<p>Yakla\u015f\u0131k 30 Avrupal\u0131 m\u00fczisyenin kat\u0131ld\u0131\u011f\u0131 ve yapay zek\u00e2n\u0131n d\u00fczenlenmesi ile telif haklar\u0131n\u0131n korunmas\u0131n\u0131 isteyen uluslararas\u0131 bir giri\u015fimin slogan\u0131: \u201cK\u00fclt\u00fcre sad\u0131k kal\u0131n.\u201d<\/p>\n<p>Bu kampanya, \u00e7ok say\u0131da sanat\u00e7\u0131y\u0131 bir araya getiriyor ve Avrupa Birli\u011fi karar al\u0131c\u0131lar\u0131n\u0131, \u201cYapay zek\u00e2 sistemlerinin fikri m\u00fclkiyet kurallar\u0131na sayg\u0131 g\u00f6stermesi gerekti\u011fi\u201d konusunda harekete ge\u00e7meye \u00e7a\u011f\u0131r\u0131yor.<\/p>\n<p>Kampanya kapsam\u0131nda Avrupa&#8217;n\u0131n d\u00f6rt bir yan\u0131ndan m\u00fczisyenler video mesajlar yay\u0131nlayarak, Avrupa Komisyonu\u2019na seslendi ve yapay zek\u00e2 \u015firketlerinin telifli i\u00e7erikleri modellerini e\u011fitmek i\u00e7in nas\u0131l kulland\u0131klar\u0131 konusunda sorumlu tutulmalar\u0131n\u0131 istedi. Sanat\u00e7\u0131lar videolar\u0131nda, yapay zek\u00e2n\u0131n s\u0131n\u0131r tan\u0131maz geli\u015fimi kar\u015f\u0131s\u0131nda sanat\u00e7\u0131lar\u0131n korunmas\u0131 gerekti\u011fini vurguluyor.<\/p>\n<p>Calema, Dino d&#8217;Santiago, Diogo Pi\u00e7arra ve Pedro Abrunhosa gibi tan\u0131nm\u0131\u015f isimler de kampanyaya imza atanlar aras\u0131nda.<\/p>\n<p>Portekizli m\u00fczisyen Pedro Abrunhosa, yay\u0131nlad\u0131\u011f\u0131 videoda \u015fu ifadeleri kullan\u0131yor: \u201cYarat\u0131c\u0131 eylem, belki de en insani eylemdir. Deneyime, dokunu\u015fa, sezgiye, korkuya, t\u00fcm duygulara dayan\u0131r. Ama hepsinden \u00f6te, hayat\u0131n \u00e7o\u011fu zaman dayatt\u0131\u011f\u0131 karanl\u0131\u011fa kar\u015f\u0131 bir kurtulu\u015f yoludur. <\/p>\n<p>\u00dcretici yapay zek\u00e2, bu duygular\u0131 vampir gibi emerek onlar\u0131 taklit edemez; sanki kendisi \u00fcretmi\u015f gibi davranamaz. M\u00fczi\u011fimin ve imaj\u0131m\u0131n bu sistemleri e\u011fitmek i\u00e7in kullan\u0131lmas\u0131na izin vermiyorum.<br \/>\nAvrupa Komisyonu\u2019nu, insan onuruna ve k\u00fclt\u00fcr\u00fcne sayg\u0131 g\u00f6stermeye, onaylanm\u0131\u015f olan Yapay Zek\u00e2 Yasas\u0131\u2019n\u0131 uygulamaya \u00e7a\u011f\u0131r\u0131yorum.\u201d<\/p>\n<p>Kampanya, Uluslararas\u0131 Fonogram End\u00fcstrisi Federasyonu (Ipfi) \u00f6nc\u00fcl\u00fc\u011f\u00fcnde ba\u015flat\u0131ld\u0131; Portekiz&#8217;deki telif haklar\u0131 kurumu Audiogest de harekete destek verdi.<br \/>\nKampanya h\u00e2len a\u00e7\u0131k ve Avrupa\u2019daki t\u00fcm sanat\u00e7\u0131lar, bu \u00e7a\u011fr\u0131ya kat\u0131larak seslerini duyurabiliyor.<\/p>\n","protected":false},"excerpt":{"rendered":"<p>Yapay zekalar duygusuz kals\u0131n!<\/p>\n","protected":false},"author":5,"featured_media":1508,"comment_status":"open","ping_status":"open","sticky":false,"template":"","format":"standard","meta":{"footnotes":""},"categories":[1],"tags":[],"class_list":["post-1506","post","type-post","status-publish","format-standard","has-post-thumbnail","hentry","category-uncategorized"],"views":239,"_links":{"self":[{"href":"https:\/\/digitalmecra.com\/index.php\/wp-json\/wp\/v2\/posts\/1506","targetHints":{"allow":["GET"]}}],"collection":[{"href":"https:\/\/digitalmecra.com\/index.php\/wp-json\/wp\/v2\/posts"}],"about":[{"href":"https:\/\/digitalmecra.com\/index.php\/wp-json\/wp\/v2\/types\/post"}],"author":[{"embeddable":true,"href":"https:\/\/digitalmecra.com\/index.php\/wp-json\/wp\/v2\/users\/5"}],"replies":[{"embeddable":true,"href":"https:\/\/digitalmecra.com\/index.php\/wp-json\/wp\/v2\/comments?post=1506"}],"version-history":[{"count":1,"href":"https:\/\/digitalmecra.com\/index.php\/wp-json\/wp\/v2\/posts\/1506\/revisions"}],"predecessor-version":[{"id":1507,"href":"https:\/\/digitalmecra.com\/index.php\/wp-json\/wp\/v2\/posts\/1506\/revisions\/1507"}],"wp:featuredmedia":[{"embeddable":true,"href":"https:\/\/digitalmecra.com\/index.php\/wp-json\/wp\/v2\/media\/1508"}],"wp:attachment":[{"href":"https:\/\/digitalmecra.com\/index.php\/wp-json\/wp\/v2\/media?parent=1506"}],"wp:term":[{"taxonomy":"category","embeddable":true,"href":"https:\/\/digitalmecra.com\/index.php\/wp-json\/wp\/v2\/categories?post=1506"},{"taxonomy":"post_tag","embeddable":true,"href":"https:\/\/digitalmecra.com\/index.php\/wp-json\/wp\/v2\/tags?post=1506"}],"curies":[{"name":"wp","href":"https:\/\/api.w.org\/{rel}","templated":true}]}}