{"id":1514,"date":"2025-07-24T10:15:57","date_gmt":"2025-07-24T10:15:57","guid":{"rendered":"https:\/\/digitalmecra.com\/?p=1514"},"modified":"2025-07-24T10:15:57","modified_gmt":"2025-07-24T10:15:57","slug":"ozzynin-goklerdeki-kralligi","status":"publish","type":"post","link":"https:\/\/digitalmecra.com\/index.php\/2025\/07\/24\/ozzynin-goklerdeki-kralligi\/","title":{"rendered":"Ozzy&#8217;nin G\u00f6klerdeki Krall\u0131\u011f\u0131"},"content":{"rendered":"<p>Judas Priest ve Rob Halford, &#8220;Giants In The Sky&#8221; \u015fark\u0131s\u0131n\u0131 merhum Black Sabbath efsanesi Ozzy Osbourne&#8217;a adad\u0131.<\/p>\n<p>Heavy metal \u00f6nc\u00fcs\u00fc ve ikonik Black Sabbath solistinin vefat\u0131 22 Temmuz Sal\u0131 g\u00fcn\u00fc duyuruldu. Ailesi yapt\u0131\u011f\u0131 a\u00e7\u0131klamada, 76 ya\u015f\u0131ndaki m\u00fczik ikonunun vefat\u0131 s\u0131ras\u0131nda &#8220;sevgi ile \u00e7evrili&#8221; oldu\u011funu s\u00f6yledi.<\/p>\n<p>\u00d6l\u00fcm nedeni hen\u00fcz a\u00e7\u0131klanmasa da Ozzy, 2019&#8217;da Parkinson Hastal\u0131\u011f\u0131 te\u015fhisi de dahil olmak \u00fczere, uzun y\u0131llard\u0131r say\u0131s\u0131z sa\u011fl\u0131k sorunuyla m\u00fccadele ediyordu.<br \/>\nJudas Priest, 23 Temmuz\u2019da, Ozzy&#8217;nin trajik \u00f6l\u00fcm\u00fcn\u00fcn duyurulmas\u0131ndan sadece bir g\u00fcn sonra, \u0130ngiltere&#8217;deki Scarborough A\u00e7\u0131k Hava Tiyatrosu&#8217;nda sahne ald\u0131. 13 \u015fark\u0131l\u0131k performanslar\u0131n\u0131n ard\u0131ndan Priest ve solist Rob Halford, Ozzy Osbourne&#8217;u anmak i\u00e7in bir an ay\u0131rd\u0131lar.<br \/>\n&#8220;Bak, son 24 saat zordu, de\u011fil mi? Zordu. Ama o bizim bunu yapmam\u0131z\u0131, birlikte olmam\u0131z\u0131, iyi vakit ge\u00e7irmemizi isterdi, ki \u015fu anda yapt\u0131\u011f\u0131m\u0131z da bu. Seni seviyoruz Ozzy! S\u0131radaki \u015fark\u0131 tamamen onun ve kaybetti\u011fimiz di\u011fer t\u00fcm b\u00fcy\u00fcklerin hikayesi. M\u00fczikleri sonsuza dek ya\u015far. Eskiden burada, yery\u00fcz\u00fcndeydiler, \u015fimdi bizim dedi\u011fimiz gibi g\u00f6klerde. Bu \u015fark\u0131 \u201cGianst in the Sky\u2019!\u201d (G\u00f6ky\u00fcz\u00fcndeki Devler) Halford.<\/p>\n","protected":false},"excerpt":{"rendered":"<p>G\u00f6ky\u00fcz\u00fcndeki devler sonsuza dek ya\u015far!<\/p>\n","protected":false},"author":5,"featured_media":0,"comment_status":"open","ping_status":"open","sticky":false,"template":"","format":"standard","meta":{"footnotes":""},"categories":[1],"tags":[],"class_list":["post-1514","post","type-post","status-publish","format-standard","hentry","category-uncategorized"],"views":241,"_links":{"self":[{"href":"https:\/\/digitalmecra.com\/index.php\/wp-json\/wp\/v2\/posts\/1514","targetHints":{"allow":["GET"]}}],"collection":[{"href":"https:\/\/digitalmecra.com\/index.php\/wp-json\/wp\/v2\/posts"}],"about":[{"href":"https:\/\/digitalmecra.com\/index.php\/wp-json\/wp\/v2\/types\/post"}],"author":[{"embeddable":true,"href":"https:\/\/digitalmecra.com\/index.php\/wp-json\/wp\/v2\/users\/5"}],"replies":[{"embeddable":true,"href":"https:\/\/digitalmecra.com\/index.php\/wp-json\/wp\/v2\/comments?post=1514"}],"version-history":[{"count":1,"href":"https:\/\/digitalmecra.com\/index.php\/wp-json\/wp\/v2\/posts\/1514\/revisions"}],"predecessor-version":[{"id":1515,"href":"https:\/\/digitalmecra.com\/index.php\/wp-json\/wp\/v2\/posts\/1514\/revisions\/1515"}],"wp:attachment":[{"href":"https:\/\/digitalmecra.com\/index.php\/wp-json\/wp\/v2\/media?parent=1514"}],"wp:term":[{"taxonomy":"category","embeddable":true,"href":"https:\/\/digitalmecra.com\/index.php\/wp-json\/wp\/v2\/categories?post=1514"},{"taxonomy":"post_tag","embeddable":true,"href":"https:\/\/digitalmecra.com\/index.php\/wp-json\/wp\/v2\/tags?post=1514"}],"curies":[{"name":"wp","href":"https:\/\/api.w.org\/{rel}","templated":true}]}}