{"id":1518,"date":"2025-07-24T10:20:35","date_gmt":"2025-07-24T10:20:35","guid":{"rendered":"https:\/\/digitalmecra.com\/?p=1518"},"modified":"2025-09-16T10:18:18","modified_gmt":"2025-09-16T10:18:18","slug":"yalnizlik-yaniltiyor","status":"publish","type":"post","link":"https:\/\/digitalmecra.com\/index.php\/2025\/07\/24\/yalnizlik-yaniltiyor\/","title":{"rendered":"Yaln\u0131zl\u0131k Yan\u0131lt\u0131yor"},"content":{"rendered":"<p>\u0130zolasyon, ileti\u015fim g\u00fc\u00e7l\u00fckleri, dikkat eksikli\u011fi &#8211; i\u015fitme kayb\u0131 veya bozuklu\u011fu g\u00fcnl\u00fck ya\u015famda ger\u00e7ek bir zorluktur. Zamanla, bili\u015fsel gerileme i\u00e7in bir risk fakt\u00f6r\u00fc haline de gelebilir. Cenevre \u00dcniversitesi&#8217;nden (UNIGE) bir ekip, Avrupa genelinde 33.000 ya\u015fl\u0131 yeti\u015fkinden elde edilen verileri analiz ederek i\u015fitme kayb\u0131 ve yaln\u0131zl\u0131\u011f\u0131n haf\u0131za \u00fczerindeki birle\u015fik etkisini inceledi. Sosyal izolasyon ve alg\u0131lanan yaln\u0131zl\u0131k derecesine g\u00f6re \u00fc\u00e7 farkl\u0131 profil belirlediler:<\/p>\n<p>1.Sosyal olarak izole edilmi\u015f ve yaln\u0131z hisseden bireyler<br \/>\n2.Sosyal olarak izole edilmemi\u015f ancak yine de yaln\u0131z hisseden bireyler<br \/>\n3.Sosyal olarak izole edilmi\u015f ancak yaln\u0131z hissetmeyen bireyler<\/p>\n<p>Bulgular, i\u015fitme kayb\u0131n\u0131n, \u00f6zellikle sosyal olarak izole olup olmad\u0131klar\u0131na bak\u0131lmaks\u0131z\u0131n, kendini yaln\u0131z hisseden bireyler aras\u0131nda bili\u015fsel gerilemeyi h\u0131zland\u0131rd\u0131\u011f\u0131n\u0131 g\u00f6stermektedir<br \/>\nUNIGE Psikoloji ve E\u011fitim Bilimleri Fak\u00fcltesi Bili\u015fsel Ya\u015flanma Laboratuvar\u0131&#8217;nda profes\u00f6r ve \u00e7al\u0131\u015fman\u0131n ortak yazar\u0131 olan Matthias Kliegel, &#8221;Sosyal olarak izole olmayan ancak yaln\u0131z hisseden ki\u015filerin sa\u011f\u0131r olduklar\u0131nda bili\u015fsel gerilemelerinin h\u0131zland\u0131\u011f\u0131n\u0131 g\u00f6rd\u00fck&#8221; diye belirtti.<\/p>\n","protected":false},"excerpt":{"rendered":"<p>Sessiz tehditlerin g\u00fcr\u00fclt\u00fcs\u00fcne sa\u011f\u0131r kalmay\u0131n.<\/p>\n","protected":false},"author":5,"featured_media":0,"comment_status":"open","ping_status":"open","sticky":false,"template":"","format":"standard","meta":{"footnotes":""},"categories":[1],"tags":[],"class_list":["post-1518","post","type-post","status-publish","format-standard","hentry","category-uncategorized"],"views":242,"_links":{"self":[{"href":"https:\/\/digitalmecra.com\/index.php\/wp-json\/wp\/v2\/posts\/1518","targetHints":{"allow":["GET"]}}],"collection":[{"href":"https:\/\/digitalmecra.com\/index.php\/wp-json\/wp\/v2\/posts"}],"about":[{"href":"https:\/\/digitalmecra.com\/index.php\/wp-json\/wp\/v2\/types\/post"}],"author":[{"embeddable":true,"href":"https:\/\/digitalmecra.com\/index.php\/wp-json\/wp\/v2\/users\/5"}],"replies":[{"embeddable":true,"href":"https:\/\/digitalmecra.com\/index.php\/wp-json\/wp\/v2\/comments?post=1518"}],"version-history":[{"count":2,"href":"https:\/\/digitalmecra.com\/index.php\/wp-json\/wp\/v2\/posts\/1518\/revisions"}],"predecessor-version":[{"id":1751,"href":"https:\/\/digitalmecra.com\/index.php\/wp-json\/wp\/v2\/posts\/1518\/revisions\/1751"}],"wp:attachment":[{"href":"https:\/\/digitalmecra.com\/index.php\/wp-json\/wp\/v2\/media?parent=1518"}],"wp:term":[{"taxonomy":"category","embeddable":true,"href":"https:\/\/digitalmecra.com\/index.php\/wp-json\/wp\/v2\/categories?post=1518"},{"taxonomy":"post_tag","embeddable":true,"href":"https:\/\/digitalmecra.com\/index.php\/wp-json\/wp\/v2\/tags?post=1518"}],"curies":[{"name":"wp","href":"https:\/\/api.w.org\/{rel}","templated":true}]}}