{"id":1537,"date":"2025-07-24T10:58:35","date_gmt":"2025-07-24T10:58:35","guid":{"rendered":"https:\/\/digitalmecra.com\/?p=1537"},"modified":"2025-07-26T06:49:57","modified_gmt":"2025-07-26T06:49:57","slug":"trumptan-yapay-zeka-sirketlerine-destek","status":"publish","type":"post","link":"https:\/\/digitalmecra.com\/index.php\/2025\/07\/24\/trumptan-yapay-zeka-sirketlerine-destek\/","title":{"rendered":"Trump&#8217;tan yapay zeka \u015firketlerine destek"},"content":{"rendered":"<p aria-level=\"1\"><span data-contrast=\"none\">Yapay zeka yar\u0131\u015f\u0131nda \u00c7in&#8217;i geride b\u0131rakarak yar\u0131\u015f\u0131 kazanmalar\u0131 gerekti\u011fini s\u00f6yleyen ABD Ba\u015fkan\u0131 Donald Trump, bu alandaki \u015firketlerin \u00f6n\u00fcn\u00fc \u00f6nemli \u00f6l\u00e7\u00fcde a\u00e7acak 3 ba\u015fkanl\u0131k kararnamesine imza att\u0131.<\/span><span data-ccp-props=\"{&quot;134233117&quot;:false,&quot;134233118&quot;:false,&quot;134245418&quot;:false,&quot;134245529&quot;:false,&quot;201341983&quot;:0,&quot;335551550&quot;:6,&quot;335551620&quot;:6,&quot;335559738&quot;:0,&quot;335559739&quot;:0,&quot;335559740&quot;:240}\">\u00a0<\/span><\/p>\n<p><span data-contrast=\"auto\">ABD Ba\u015fkan\u0131 Trump, Washington&#8217;da d\u00fczenlenen yapay zeka oturumunda, \u00fclkesindeki teknolojik geli\u015fmeleri ve \u00c7in&#8217;le ABD aras\u0131ndaki yapay zeka rekabetini de\u011ferlendirdi.<\/span><span data-ccp-props=\"{&quot;134233117&quot;:false,&quot;134233118&quot;:false,&quot;134245418&quot;:false,&quot;134245529&quot;:false,&quot;201341983&quot;:0,&quot;335551550&quot;:6,&quot;335551620&quot;:6,&quot;335559738&quot;:0,&quot;335559739&quot;:240,&quot;335559740&quot;:240}\">\u00a0<\/span><\/p>\n<p><span data-contrast=\"auto\">Trump, 3 ba\u015fkanl\u0131k kararnamesine imza atarken bu ad\u0131mlar\u0131n Amerikan firmalar\u0131na \u00c7inli firmalar kar\u015f\u0131s\u0131nda avantaj sa\u011flayaca\u011f\u0131n\u0131 savundu. Trump, yapay zeka alan\u0131nda \u00c7in&#8217;le girdikleri k\u00fcresel rekabeti kesinlikle kazanmalar\u0131 gerekti\u011fini ve bunun i\u00e7in s\u00f6z konusu 3 kararnameyi imzalad\u0131\u011f\u0131n\u0131 dile getirdi.<\/span><span data-ccp-props=\"{&quot;134233117&quot;:false,&quot;134233118&quot;:false,&quot;134245418&quot;:false,&quot;134245529&quot;:false,&quot;201341983&quot;:0,&quot;335551550&quot;:6,&quot;335551620&quot;:6,&quot;335559738&quot;:0,&quot;335559739&quot;:240,&quot;335559740&quot;:240}\">\u00a0<\/span><\/p>\n<p><span data-contrast=\"auto\">&#8220;Yapay zeka yar\u0131\u015f\u0131nda \u00c7in&#8217;in \u00f6nemli \u00f6l\u00e7\u00fcde \u00f6n\u00fcndeyiz.&#8221; \u015eeklinde konu\u015fan Trump, ABD&#8217;de bu alanda \u00e7al\u0131\u015fan \u015firketleri ve y\u00f6neticilerini tek tek s\u0131ralayarak kendilerine te\u015fekk\u00fcr etti.<\/span><span data-ccp-props=\"{&quot;134233117&quot;:false,&quot;134233118&quot;:false,&quot;134245418&quot;:false,&quot;134245529&quot;:false,&quot;201341983&quot;:0,&quot;335551550&quot;:6,&quot;335551620&quot;:6,&quot;335559738&quot;:0,&quot;335559739&quot;:240,&quot;335559740&quot;:240}\">\u00a0<\/span><\/p>\n<p><span data-contrast=\"auto\">Trump, &#8220;Bu harika insanlar, Amerika&#8217;n\u0131n d\u00fcnya standartlar\u0131nda altyap\u0131s\u0131n\u0131 korumak i\u00e7in \u00fclkemizin ger\u00e7ekten i\u015fleyi\u015fini sa\u011fl\u0131yorlar. Federal izinlerin h\u0131zland\u0131r\u0131lmas\u0131, incelemelerin kolayla\u015ft\u0131r\u0131lmas\u0131 ve t\u00fcm b\u00fcy\u00fck yapay zeka altyap\u0131 projelerinin in\u015faat\u0131n\u0131n h\u0131zland\u0131r\u0131lmas\u0131 i\u00e7in m\u00fcmk\u00fcn olan her \u015feyi yapmak \u00fczere bu ba\u015fkanl\u0131k kararnamelerini imzal\u0131yoruz.&#8221; diye konu\u015ftu.<\/span><span data-ccp-props=\"{&quot;134233117&quot;:false,&quot;134233118&quot;:false,&quot;134245418&quot;:false,&quot;134245529&quot;:false,&quot;201341983&quot;:0,&quot;335551550&quot;:6,&quot;335551620&quot;:6,&quot;335559738&quot;:0,&quot;335559739&quot;:240,&quot;335559740&quot;:240}\">\u00a0<\/span><\/p>\n<p><span data-contrast=\"auto\">ABD&#8217;nin teknolojik \u00fcst\u00fcnl\u00fc\u011f\u00fcn\u00fc s\u00fcrd\u00fcrmesinin yapay zeka alan\u0131ndaki geli\u015fmelerle do\u011frudan ilgili oldu\u011funu anlatan Trump, bu alanda \u00e7al\u0131\u015fan \u015firketlere b\u00fcy\u00fck i\u015f d\u00fc\u015ft\u00fc\u011f\u00fcn\u00fc ve kendilerinin bu firmalara b\u00fcy\u00fck yat\u0131r\u0131m kolayl\u0131\u011f\u0131 sa\u011flayacaklar\u0131n\u0131 vurgulad\u0131.<\/span><span data-ccp-props=\"{&quot;134233117&quot;:false,&quot;134233118&quot;:false,&quot;134245418&quot;:false,&quot;134245529&quot;:false,&quot;201341983&quot;:0,&quot;335551550&quot;:6,&quot;335551620&quot;:6,&quot;335559738&quot;:0,&quot;335559739&quot;:240,&quot;335559740&quot;:240}\">\u00a0<\/span><\/p>\n","protected":false},"excerpt":{"rendered":"<p>Yapay zeka yar\u0131\u015f\u0131nda \u00c7in&#8217;i geride b\u0131rakarak yar\u0131\u015f\u0131 kazanmalar\u0131 gerekti\u011fini s\u00f6yleyen ABD Ba\u015fkan\u0131 Donald Trump, bu alandaki \u015firketlerin \u00f6n\u00fcn\u00fc \u00f6nemli \u00f6l\u00e7\u00fcde a\u00e7acak 3 ba\u015fkanl\u0131k kararnamesine imza att\u0131.\u00a0 ABD Ba\u015fkan\u0131 Trump, Washington&#8217;da d\u00fczenlenen yapay zeka oturumunda, \u00fclkesindeki teknolojik geli\u015fmeleri ve \u00c7in&#8217;le ABD aras\u0131ndaki yapay zeka rekabetini de\u011ferlendirdi.\u00a0 Trump, 3 ba\u015fkanl\u0131k kararnamesine imza atarken bu ad\u0131mlar\u0131n Amerikan firmalar\u0131na [&hellip;]<\/p>\n","protected":false},"author":10,"featured_media":1690,"comment_status":"open","ping_status":"open","sticky":false,"template":"","format":"standard","meta":{"footnotes":""},"categories":[4,8,12,14],"tags":[61,1788,575,589,1787],"class_list":["post-1537","post","type-post","status-publish","format-standard","has-post-thumbnail","hentry","category-dunya","category-gundem","category-siyaset","category-teknoloji","tag-abd","tag-cin","tag-teknoloji","tag-trump","tag-yapay-zeka"],"views":331,"_links":{"self":[{"href":"https:\/\/digitalmecra.com\/index.php\/wp-json\/wp\/v2\/posts\/1537","targetHints":{"allow":["GET"]}}],"collection":[{"href":"https:\/\/digitalmecra.com\/index.php\/wp-json\/wp\/v2\/posts"}],"about":[{"href":"https:\/\/digitalmecra.com\/index.php\/wp-json\/wp\/v2\/types\/post"}],"author":[{"embeddable":true,"href":"https:\/\/digitalmecra.com\/index.php\/wp-json\/wp\/v2\/users\/10"}],"replies":[{"embeddable":true,"href":"https:\/\/digitalmecra.com\/index.php\/wp-json\/wp\/v2\/comments?post=1537"}],"version-history":[{"count":1,"href":"https:\/\/digitalmecra.com\/index.php\/wp-json\/wp\/v2\/posts\/1537\/revisions"}],"predecessor-version":[{"id":1539,"href":"https:\/\/digitalmecra.com\/index.php\/wp-json\/wp\/v2\/posts\/1537\/revisions\/1539"}],"wp:featuredmedia":[{"embeddable":true,"href":"https:\/\/digitalmecra.com\/index.php\/wp-json\/wp\/v2\/media\/1690"}],"wp:attachment":[{"href":"https:\/\/digitalmecra.com\/index.php\/wp-json\/wp\/v2\/media?parent=1537"}],"wp:term":[{"taxonomy":"category","embeddable":true,"href":"https:\/\/digitalmecra.com\/index.php\/wp-json\/wp\/v2\/categories?post=1537"},{"taxonomy":"post_tag","embeddable":true,"href":"https:\/\/digitalmecra.com\/index.php\/wp-json\/wp\/v2\/tags?post=1537"}],"curies":[{"name":"wp","href":"https:\/\/api.w.org\/{rel}","templated":true}]}}