{"id":18,"date":"2020-08-29T21:56:13","date_gmt":"2020-08-29T18:56:13","guid":{"rendered":"http:\/\/haberv6.thewpdemo.com\/gundem\/saglik-calisanlarina-marmaray-baskentray-ve-izban-31-aralika-kadar-ucretsiz-olacak-h18.html"},"modified":"2020-08-29T21:56:13","modified_gmt":"2020-08-29T18:56:13","slug":"saglik-calisanlarina-marmaray-baskentray-ve-izban-31-aralika-kadar-ucretsiz-olacak","status":"publish","type":"post","link":"https:\/\/digitalmecra.com\/index.php\/2020\/08\/29\/saglik-calisanlarina-marmaray-baskentray-ve-izban-31-aralika-kadar-ucretsiz-olacak\/","title":{"rendered":"Sa\u011fl\u0131k \u00e7al\u0131\u015fanlar\u0131na Marmaray, Ba\u015fkentray ve \u0130ZBAN 31 Aral\u0131k&#8217;a kadar \u00fccretsiz olacak"},"content":{"rendered":"","protected":false},"excerpt":{"rendered":"<p>Ula\u015ft\u0131rma ve Altyap\u0131 Bakanl\u0131\u011f\u0131, sa\u011fl\u0131k \u00e7al\u0131\u015fanlar\u0131n\u0131n Marmaray, Ba\u015fkentray ve \u0130ZBAN&#8217;dan 31 A\u011fustos\u2019a kadar \u00fccretsiz olarak yararlanmas\u0131na ili\u015fkin karar\u0131n, 31 Aral\u0131k\u2019a uzat\u0131ld\u0131\u011f\u0131n\u0131 a\u00e7\u0131klad\u0131<\/p>\n","protected":false},"author":1,"featured_media":823,"comment_status":"open","ping_status":"open","sticky":false,"template":"","format":"standard","meta":{"footnotes":""},"categories":[8],"tags":[40,98,139,182,346,357,413,464,513,601,626],"class_list":["post-18","post","type-post","status-publish","format-standard","has-post-thumbnail","hentry","category-gundem","tag-40","tag-aralika","tag-baskentray","tag-calisanlarina","tag-izban","tag-kadar","tag-marmaray","tag-olacak","tag-saglik","tag-ucretsiz","tag-ve"],"views":183,"_links":{"self":[{"href":"https:\/\/digitalmecra.com\/index.php\/wp-json\/wp\/v2\/posts\/18","targetHints":{"allow":["GET"]}}],"collection":[{"href":"https:\/\/digitalmecra.com\/index.php\/wp-json\/wp\/v2\/posts"}],"about":[{"href":"https:\/\/digitalmecra.com\/index.php\/wp-json\/wp\/v2\/types\/post"}],"author":[{"embeddable":true,"href":"https:\/\/digitalmecra.com\/index.php\/wp-json\/wp\/v2\/users\/1"}],"replies":[{"embeddable":true,"href":"https:\/\/digitalmecra.com\/index.php\/wp-json\/wp\/v2\/comments?post=18"}],"version-history":[{"count":0,"href":"https:\/\/digitalmecra.com\/index.php\/wp-json\/wp\/v2\/posts\/18\/revisions"}],"wp:featuredmedia":[{"embeddable":true,"href":"https:\/\/digitalmecra.com\/index.php\/wp-json\/wp\/v2\/media\/823"}],"wp:attachment":[{"href":"https:\/\/digitalmecra.com\/index.php\/wp-json\/wp\/v2\/media?parent=18"}],"wp:term":[{"taxonomy":"category","embeddable":true,"href":"https:\/\/digitalmecra.com\/index.php\/wp-json\/wp\/v2\/categories?post=18"},{"taxonomy":"post_tag","embeddable":true,"href":"https:\/\/digitalmecra.com\/index.php\/wp-json\/wp\/v2\/tags?post=18"}],"curies":[{"name":"wp","href":"https:\/\/api.w.org\/{rel}","templated":true}]}}