{"id":658,"date":"2020-08-31T16:10:52","date_gmt":"2020-08-31T13:10:52","guid":{"rendered":"http:\/\/haberv6.thewpdemo.com\/gundem\/saman-isciliginden-ucak-muhendisligine-h658.html"},"modified":"2020-08-31T16:10:52","modified_gmt":"2020-08-31T13:10:52","slug":"saman-isciliginden-ucak-muhendisligine","status":"publish","type":"post","link":"https:\/\/digitalmecra.com\/index.php\/2020\/08\/31\/saman-isciliginden-ucak-muhendisligine\/","title":{"rendered":"Saman i\u015f\u00e7ili\u011finden u\u00e7ak m\u00fchendisli\u011fine"},"content":{"rendered":"<p>\u015eanl\u0131urfa&#8217;n\u0131n Siverek il\u00e7esinde yaz aylar\u0131nda saman sezonu ile birlikte hem saman i\u015f\u00e7ili\u011fi yapan hem de \u00fcniversiteye haz\u0131rlanan Serhat Kara\u00e7al\u0131, girdi\u011fi \u00fcniversite s\u0131nav\u0131nda Konya Necmettin Erbakan \u00dcniversitesi U\u00e7ak M\u00fchendisli\u011fi B\u00f6l\u00fcm\u00fcn\u00fc kazanarak hayalini ger\u00e7ekle\u015ftirdi.\u0130l\u00e7eye 30 kilometre uzakl\u0131kta bulunan Karake\u00e7ili K\u0131rsal Mahallesinde ya\u015fayan Serhat Kara\u00e7al\u0131, k\u00fc\u00e7\u00fck ya\u015flardan beri aile b\u00fct\u00e7esine katk\u0131 sa\u011flamak amac\u0131yla, \u00f6zelikle yaz aylar\u0131nda bir yandan saman i\u015finde \u00e7al\u0131\u015f\u0131rken, bir yandan da \u00fcniversite s\u0131navlar\u0131na haz\u0131rland\u0131. Ge\u00e7en sene de \u00fcniversite s\u0131nav\u0131na giren ve iyi puan ald\u0131\u011f\u0131 halde u\u00e7ak m\u00fchendisli\u011fini kazanmad\u0131\u011f\u0131 i\u00e7in tercih vermeyen Ak\u00e7al\u0131, bu y\u0131l azimle \u00e7al\u0131\u015farak hayalini ger\u00e7ekle\u015ftirdi.<\/p>\n","protected":false},"excerpt":{"rendered":"<p>\u015eanl\u0131urfa\u2019n\u0131n Siverek il\u00e7esinde maddi imkans\u0131zl\u0131klar nedeniyle saman i\u015f\u00e7ili\u011fi yaparak \u00fcniversiteye haz\u0131rlanan gen\u00e7, hayalindeki u\u00e7ak m\u00fchendisli\u011fi b\u00f6l\u00fcm\u00fcn\u00fc kazand\u0131.<\/p>\n","protected":false},"author":1,"featured_media":958,"comment_status":"open","ping_status":"open","sticky":false,"template":"","format":"standard","meta":{"footnotes":""},"categories":[8],"tags":[334,442,519,598],"class_list":["post-658","post","type-post","status-publish","format-standard","has-post-thumbnail","hentry","category-gundem","tag-isciliginden","tag-muhendisligine","tag-saman","tag-ucak"],"views":877,"_links":{"self":[{"href":"https:\/\/digitalmecra.com\/index.php\/wp-json\/wp\/v2\/posts\/658","targetHints":{"allow":["GET"]}}],"collection":[{"href":"https:\/\/digitalmecra.com\/index.php\/wp-json\/wp\/v2\/posts"}],"about":[{"href":"https:\/\/digitalmecra.com\/index.php\/wp-json\/wp\/v2\/types\/post"}],"author":[{"embeddable":true,"href":"https:\/\/digitalmecra.com\/index.php\/wp-json\/wp\/v2\/users\/1"}],"replies":[{"embeddable":true,"href":"https:\/\/digitalmecra.com\/index.php\/wp-json\/wp\/v2\/comments?post=658"}],"version-history":[{"count":0,"href":"https:\/\/digitalmecra.com\/index.php\/wp-json\/wp\/v2\/posts\/658\/revisions"}],"wp:featuredmedia":[{"embeddable":true,"href":"https:\/\/digitalmecra.com\/index.php\/wp-json\/wp\/v2\/media\/958"}],"wp:attachment":[{"href":"https:\/\/digitalmecra.com\/index.php\/wp-json\/wp\/v2\/media?parent=658"}],"wp:term":[{"taxonomy":"category","embeddable":true,"href":"https:\/\/digitalmecra.com\/index.php\/wp-json\/wp\/v2\/categories?post=658"},{"taxonomy":"post_tag","embeddable":true,"href":"https:\/\/digitalmecra.com\/index.php\/wp-json\/wp\/v2\/tags?post=658"}],"curies":[{"name":"wp","href":"https:\/\/api.w.org\/{rel}","templated":true}]}}