{"id":679,"date":"2020-08-31T16:11:01","date_gmt":"2020-08-31T13:11:01","guid":{"rendered":"http:\/\/haberv6.thewpdemo.com\/gundem\/emirin-yuzer-sarayi-bodrumda-h679.html"},"modified":"2020-08-31T16:11:01","modified_gmt":"2020-08-31T13:11:01","slug":"emirin-yuzer-sarayi-bodrumda","status":"publish","type":"post","link":"https:\/\/digitalmecra.com\/index.php\/2020\/08\/31\/emirin-yuzer-sarayi-bodrumda\/","title":{"rendered":"Emirin y\u00fczer saray\u0131 Bodrum&#8217;da"},"content":{"rendered":"<p>Katar Emiri Tamim bin Hamad al-Thani&#8217;nin y\u00fczen saray\u0131 \u201cAl Lusail\u201d Bodrum&#8217;a demir att\u0131. Gemi Yana\u015fma \u0130skelesi&#8217;ne demirleyen yat, ihti\u015fam\u0131yla dikkatleri \u00fczerine toplad\u0131. Yat\u0131n i\u00e7erisinde emirin olup olmad\u0131\u011f\u0131 ise bilinmezken, yat personelinin hummal\u0131 bir \u00e7al\u0131\u015fma i\u00e7erisinde oldu\u011fu g\u00f6r\u00fcld\u00fc. 28 A\u011fustos&#8217;ta yine Katar kraliyet ailesine ait oldu\u011fu bildirilen \u201cKatara\u201d isimli s\u00fcper yat da, Bodrum&#8217;a demirlemi\u015fti. Katara \u00f6nceki g\u00fcn gemi yana\u015fma iskelesinden ayr\u0131larak Bodrum a\u00e7\u0131klar\u0131nda alargada demirledi.2017 y\u0131l\u0131nda Almanya&#8217;n\u0131n Bremen kentinde in\u015fa edilen 123 metre boyunda ve 23 metre geni\u015fli\u011findeki Al Lusail adl\u0131 yat\u0131n de\u011ferinin yakla\u015f\u0131k 300 milyon dolar oldu\u011fu belirtiliyor. 36 ki\u015fiye kadar konaklama imkan\u0131 sunan s\u00fcperyat, 56 m\u00fcrettebat ile hizmet veriyor.<\/p>\n","protected":false},"excerpt":{"rendered":"<p>Katar Emirinin 300 milyon dolar de\u011ferindeki s\u00fcper l\u00fcks yat\u0131 <\/p>\n","protected":false},"author":1,"featured_media":964,"comment_status":"open","ping_status":"open","sticky":false,"template":"","format":"standard","meta":{"footnotes":""},"categories":[8],"tags":[165,254,523,665],"class_list":["post-679","post","type-post","status-publish","format-standard","has-post-thumbnail","hentry","category-gundem","tag-bodrumda","tag-emirin","tag-sarayi","tag-yuzer"],"views":963,"_links":{"self":[{"href":"https:\/\/digitalmecra.com\/index.php\/wp-json\/wp\/v2\/posts\/679","targetHints":{"allow":["GET"]}}],"collection":[{"href":"https:\/\/digitalmecra.com\/index.php\/wp-json\/wp\/v2\/posts"}],"about":[{"href":"https:\/\/digitalmecra.com\/index.php\/wp-json\/wp\/v2\/types\/post"}],"author":[{"embeddable":true,"href":"https:\/\/digitalmecra.com\/index.php\/wp-json\/wp\/v2\/users\/1"}],"replies":[{"embeddable":true,"href":"https:\/\/digitalmecra.com\/index.php\/wp-json\/wp\/v2\/comments?post=679"}],"version-history":[{"count":0,"href":"https:\/\/digitalmecra.com\/index.php\/wp-json\/wp\/v2\/posts\/679\/revisions"}],"wp:featuredmedia":[{"embeddable":true,"href":"https:\/\/digitalmecra.com\/index.php\/wp-json\/wp\/v2\/media\/964"}],"wp:attachment":[{"href":"https:\/\/digitalmecra.com\/index.php\/wp-json\/wp\/v2\/media?parent=679"}],"wp:term":[{"taxonomy":"category","embeddable":true,"href":"https:\/\/digitalmecra.com\/index.php\/wp-json\/wp\/v2\/categories?post=679"},{"taxonomy":"post_tag","embeddable":true,"href":"https:\/\/digitalmecra.com\/index.php\/wp-json\/wp\/v2\/tags?post=679"}],"curies":[{"name":"wp","href":"https:\/\/api.w.org\/{rel}","templated":true}]}}