{"id":688,"date":"2020-08-31T16:15:18","date_gmt":"2020-08-31T13:15:18","guid":{"rendered":"http:\/\/haberv6.thewpdemo.com\/egitim\/saglik-bolumlerinin-doluluk-oranlari-artti-h688.html"},"modified":"2020-08-31T16:15:18","modified_gmt":"2020-08-31T13:15:18","slug":"saglik-bolumlerinin-doluluk-oranlari-artti","status":"publish","type":"post","link":"https:\/\/digitalmecra.com\/index.php\/2020\/08\/31\/saglik-bolumlerinin-doluluk-oranlari-artti\/","title":{"rendered":"Sa\u011fl\u0131k b\u00f6l\u00fcmlerinin doluluk oranlar\u0131 artt\u0131"},"content":{"rendered":"<p>\u0130stanbul Geli\u015fim \u00dcniversitesi, Sa\u011fl\u0131k Bilimleri Y\u00fcksekokulu M\u00fcd\u00fcr Yard\u0131mc\u0131s\u0131 Do\u00e7. Dr. S. Arda \u00d6zt\u00fcrkcan, y\u00fczde 100 doluluk oranlar\u0131na ula\u015fan b\u00f6l\u00fcmleri s\u0131ralayarak, \u201c\u00dclkemizin ve d\u00fcnyan\u0131n i\u00e7inde bulundu\u011fu pandemi dolay\u0131s\u0131 ile ya\u015fanan zorlu s\u00fcrece ra\u011fmen, 2019 y\u0131l\u0131nda 618 yerle\u015fen \u00f6\u011frenci say\u0131s\u0131n\u0131 723 \u00f6\u011frenci say\u0131s\u0131na, y\u00fczde 81,32 olan doluluk oran\u0131n\u0131 y\u00fczde 91,40 doluluk oran\u0131na \u00e7\u0131karmay\u0131 ba\u015fard\u0131k, bunun i\u00e7in olduk\u00e7a mutluyuz. Beslenme ve Diyetetik (T\u00fcrk\u00e7e-\u0130ngilizce), Fizyoterapi ve Rehabilitasyon (T\u00fcrk\u00e7e-\u0130ngilizce), Hem\u015firelik (T\u00fcrk\u00e7e-\u0130ngilizce), \u00c7ocuk Geli\u015fimi, Perf\u00fczyon, Odyoloji, Dil ve Konu\u015fma Terapisi b\u00f6l\u00fcmlerimiz i\u00e7in y\u00fczde 100 doluluk oran\u0131na ula\u015fm\u0131\u015f bulunmaktay\u0131z. \u00c7ocuk Geli\u015fimi \u0130ngilizce, Sosyal Hizmet, Ergoterapi ve Sa\u011fl\u0131k Y\u00f6netimi B\u00f6l\u00fcmlerimizin de tercih edilme oran\u0131 olduk\u00e7a y\u00fcksek. \u0130stanbul Geli\u015fim \u00dcniversitesi&#8217;nin \u00f6\u011frencilerine \u00fccretsiz bir \u015fekilde sundu\u011fu \u00c7ift Anadal Program\u0131 (\u00c7AP) imk\u00e2n\u0131 sayesinde bu b\u00f6l\u00fcmlerde de k\u0131sa s\u00fcrede tam doluluk oran\u0131na ula\u015f\u0131lacakt\u0131r\u201d ifadelerine yer verdi.<\/p>\n","protected":false},"excerpt":{"rendered":"<p>2020 Y\u00fcksek\u00f6\u011fretim Kurumlar\u0131 S\u0131nav\u0131 (YKS) yerle\u015ftirme sonu\u00e7lar\u0131n\u0131n a\u00e7\u0131klanmas\u0131n\u0131n ard\u0131ndan \u0130stanbul Geli\u015fim \u00dcniversitesi, sa\u011fl\u0131k b\u00f6l\u00fcmlerinde y\u00fczde 91,40 doluluk oran\u0131na ula\u015ft\u0131klar\u0131n\u0131 duyurdu.<\/p>\n","protected":false},"author":1,"featured_media":965,"comment_status":"open","ping_status":"open","sticky":false,"template":"","format":"standard","meta":{"footnotes":""},"categories":[5],"tags":[102,167,225,474,513],"class_list":["post-688","post","type-post","status-publish","format-standard","has-post-thumbnail","hentry","category-egitim","tag-artti","tag-bolumlerinin","tag-doluluk","tag-oranlari","tag-saglik"],"views":233,"_links":{"self":[{"href":"https:\/\/digitalmecra.com\/index.php\/wp-json\/wp\/v2\/posts\/688","targetHints":{"allow":["GET"]}}],"collection":[{"href":"https:\/\/digitalmecra.com\/index.php\/wp-json\/wp\/v2\/posts"}],"about":[{"href":"https:\/\/digitalmecra.com\/index.php\/wp-json\/wp\/v2\/types\/post"}],"author":[{"embeddable":true,"href":"https:\/\/digitalmecra.com\/index.php\/wp-json\/wp\/v2\/users\/1"}],"replies":[{"embeddable":true,"href":"https:\/\/digitalmecra.com\/index.php\/wp-json\/wp\/v2\/comments?post=688"}],"version-history":[{"count":0,"href":"https:\/\/digitalmecra.com\/index.php\/wp-json\/wp\/v2\/posts\/688\/revisions"}],"wp:featuredmedia":[{"embeddable":true,"href":"https:\/\/digitalmecra.com\/index.php\/wp-json\/wp\/v2\/media\/965"}],"wp:attachment":[{"href":"https:\/\/digitalmecra.com\/index.php\/wp-json\/wp\/v2\/media?parent=688"}],"wp:term":[{"taxonomy":"category","embeddable":true,"href":"https:\/\/digitalmecra.com\/index.php\/wp-json\/wp\/v2\/categories?post=688"},{"taxonomy":"post_tag","embeddable":true,"href":"https:\/\/digitalmecra.com\/index.php\/wp-json\/wp\/v2\/tags?post=688"}],"curies":[{"name":"wp","href":"https:\/\/api.w.org\/{rel}","templated":true}]}}